
{"id":6454,"date":"2023-06-22T23:37:54","date_gmt":"2023-06-22T21:37:54","guid":{"rendered":"https:\/\/bigbiennale.ch\/?p=6454"},"modified":"2023-06-22T23:37:54","modified_gmt":"2023-06-22T21:37:54","slug":"big-chorale","status":"publish","type":"post","link":"https:\/\/bigbiennale.ch\/2023\/big-chorale\/","title":{"rendered":"BIG Chorale"},"content":{"rendered":"\n<p>La BIG Chorale est compos\u00e9e de membres de diff\u00e9rents collectifs ayant pris part \u00e0 la BIG 2023. Sur toute la dur\u00e9e de la Biennale, ielles ont appris un r\u00e9pertoire de chansons \u00e0 r\u00e9pondre et de chants polyphonique ayant trait \u00e0 l&rsquo;eau, le lac, la rivi\u00e8re ou la mer. Chansons de marine, po\u00e8mes aqueux, complaintes littorales, histoires de disette ou de superstitions bateli\u00e8res seront chant\u00e9es le 9 juillet \u00e0 12h30 sur la sc\u00e8ne lacustre, pour cette derni\u00e8re journ\u00e9e de Biennale Insulaire. Un \u00e9quipage de 12 chanteureuses emmen\u00e9 par le petit mousse Quentin Heizmann.<\/p>\n\n\n\n<p>Eteocle Alric<br>Wendy Gaze<br>Quentin Heizmann<br>Nina Langensand<br>Marin Le Corre<br>Emma Perneger<br>C\u00e9line Peruzzo<br>Elia Resuli<br>Meryl Schmalz<br>In\u00e8s Viladoms<br>Th\u00e9r\u00e8se Weibel<br>Maurane Zaugg<\/p>\n","protected":false},"excerpt":{"rendered":"<p>La BIG Chorale est compos\u00e9e de membres de diff\u00e9rents collectifs ayant pris part \u00e0 la BIG 2023. Sur toute la dur\u00e9e de la Biennale, ielles ont appris un r\u00e9pertoire de chansons \u00e0 r\u00e9pondre et de chants polyphonique ayant trait \u00e0 l&rsquo;eau, le lac, la rivi\u00e8re ou la mer. Chansons de marine, po\u00e8mes aqueux, complaintes littorales, [&hellip;]<\/p>\n","protected":false},"author":1,"featured_media":0,"comment_status":"closed","ping_status":"closed","sticky":false,"template":"","format":"standard","meta":{"_acf_changed":false,"inline_featured_image":false,"footnotes":""},"categories":[1],"tags":[],"class_list":["post-6454","post","type-post","status-publish","format-standard","hentry","category-non-classe"],"acf":[],"_links":{"self":[{"href":"https:\/\/bigbiennale.ch\/2023\/wp-json\/wp\/v2\/posts\/6454","targetHints":{"allow":["GET"]}}],"collection":[{"href":"https:\/\/bigbiennale.ch\/2023\/wp-json\/wp\/v2\/posts"}],"about":[{"href":"https:\/\/bigbiennale.ch\/2023\/wp-json\/wp\/v2\/types\/post"}],"author":[{"embeddable":true,"href":"https:\/\/bigbiennale.ch\/2023\/wp-json\/wp\/v2\/users\/1"}],"replies":[{"embeddable":true,"href":"https:\/\/bigbiennale.ch\/2023\/wp-json\/wp\/v2\/comments?post=6454"}],"version-history":[{"count":0,"href":"https:\/\/bigbiennale.ch\/2023\/wp-json\/wp\/v2\/posts\/6454\/revisions"}],"wp:attachment":[{"href":"https:\/\/bigbiennale.ch\/2023\/wp-json\/wp\/v2\/media?parent=6454"}],"wp:term":[{"taxonomy":"category","embeddable":true,"href":"https:\/\/bigbiennale.ch\/2023\/wp-json\/wp\/v2\/categories?post=6454"},{"taxonomy":"post_tag","embeddable":true,"href":"https:\/\/bigbiennale.ch\/2023\/wp-json\/wp\/v2\/tags?post=6454"}],"curies":[{"name":"wp","href":"https:\/\/api.w.org\/{rel}","templated":true}]}}