
{"id":6431,"date":"2023-06-22T23:24:44","date_gmt":"2023-06-22T21:24:44","guid":{"rendered":"https:\/\/bigbiennale.ch\/?p=6431"},"modified":"2023-06-22T23:24:44","modified_gmt":"2023-06-22T21:24:44","slug":"spielact-aya-metwali-emma-souharce","status":"publish","type":"post","link":"https:\/\/bigbiennale.ch\/2023\/spielact-aya-metwali-emma-souharce\/","title":{"rendered":"SPIELACT \u2013 Aya Metwali + Emma Souharce (Live)"},"content":{"rendered":"\n<p>Pour cette \u00e9dition, Spielact se mue en fabrique sonore en croisant les musiciennes Emma Souharce et Aya Metwalli l\u2019espace d\u2019une r\u00e9sidence de cr\u00e9ation. Durant une semaine, ces derni\u00e8res seront amen\u00e9es \u00e0 composer en bin\u00f4me et en totale immersion dans les installations et les performances programm\u00e9es au Commun. \u00c0&nbsp;travers ce processus, Spielact cherche, avec ses \u0153uvres, \u00e0 influer sur le processus de cr\u00e9ation des musiciennes tout en confrontant leurs milieux et pratiques sonores respectives.&nbsp;Le rendu sera d\u00e9voil\u00e9 lors d\u2019un live agend\u00e9 le 7 juillet \u00e0 la BIG.<\/p>\n","protected":false},"excerpt":{"rendered":"<p>Pour cette \u00e9dition, Spielact se mue en fabrique sonore en croisant les musiciennes Emma Souharce et Aya Metwalli l\u2019espace d\u2019une r\u00e9sidence de cr\u00e9ation. Durant une semaine, ces derni\u00e8res seront amen\u00e9es \u00e0 composer en bin\u00f4me et en totale immersion dans les installations et les performances programm\u00e9es au Commun. \u00c0&nbsp;travers ce processus, Spielact cherche, avec ses \u0153uvres, [&hellip;]<\/p>\n","protected":false},"author":1,"featured_media":0,"comment_status":"closed","ping_status":"closed","sticky":false,"template":"","format":"standard","meta":{"_acf_changed":false,"inline_featured_image":false,"footnotes":""},"categories":[1],"tags":[],"class_list":["post-6431","post","type-post","status-publish","format-standard","hentry","category-non-classe"],"acf":[],"_links":{"self":[{"href":"https:\/\/bigbiennale.ch\/2023\/wp-json\/wp\/v2\/posts\/6431","targetHints":{"allow":["GET"]}}],"collection":[{"href":"https:\/\/bigbiennale.ch\/2023\/wp-json\/wp\/v2\/posts"}],"about":[{"href":"https:\/\/bigbiennale.ch\/2023\/wp-json\/wp\/v2\/types\/post"}],"author":[{"embeddable":true,"href":"https:\/\/bigbiennale.ch\/2023\/wp-json\/wp\/v2\/users\/1"}],"replies":[{"embeddable":true,"href":"https:\/\/bigbiennale.ch\/2023\/wp-json\/wp\/v2\/comments?post=6431"}],"version-history":[{"count":0,"href":"https:\/\/bigbiennale.ch\/2023\/wp-json\/wp\/v2\/posts\/6431\/revisions"}],"wp:attachment":[{"href":"https:\/\/bigbiennale.ch\/2023\/wp-json\/wp\/v2\/media?parent=6431"}],"wp:term":[{"taxonomy":"category","embeddable":true,"href":"https:\/\/bigbiennale.ch\/2023\/wp-json\/wp\/v2\/categories?post=6431"},{"taxonomy":"post_tag","embeddable":true,"href":"https:\/\/bigbiennale.ch\/2023\/wp-json\/wp\/v2\/tags?post=6431"}],"curies":[{"name":"wp","href":"https:\/\/api.w.org\/{rel}","templated":true}]}}